{"id":11596,"date":"2026-08-29T09:06:19","date_gmt":"2026-08-29T09:06:19","guid":{"rendered":"https:\/\/www.stefanomarchetta.it\/wordpress\/?p=11596"},"modified":"2026-08-29T09:06:21","modified_gmt":"2026-08-29T09:06:21","slug":"ggine-lu-feije-me","status":"publish","type":"post","link":"https:\/\/www.stefanomarchetta.it\/wordpress\/ggine-lu-feije-me\/","title":{"rendered":"Gg\u00ecne lu f\u00e8ije me."},"content":{"rendered":"\n<p>Anni fa in una sera d\u2019estate in piazza, precisamente all\u2019angolo della farmacia Di Croce, un gruppo di amici un po\u2019 in l\u00e0 con l\u2019et\u00e0, parlavano del pi\u00f9 e del meno, <strong>faci\u00e0vene le pettel\u00e8zze<\/strong>, (facevano i pettegoli) fino a quando uno di loro esord\u00ec dicendo con voce di fallimento:\u201d <strong>Gg\u00ecne lu f\u00e8ije me, ten\u00e0ve la Fi\u00e0te 124, m\u00f2 z\u2019\u00e0 f\u00e0tte lu 112 Ab\u00e0rte, \u00e0 retroc\u00e9sse<\/strong>\u201d.<\/p>\n\n\n\n<p>(Mio figlio Gino, aveva la Fiat 124, adesso si \u00e8 fatto la 112 Abarth, ha retrocesso).<\/p>\n\n\n\n<p>Come se il numero dell\u2019auto dava lustro a suo figlio.<\/p>\n","protected":false},"excerpt":{"rendered":"<p>Anni fa in una sera d\u2019estate in piazza, precisamente all\u2019angolo della farmacia Di Croce, un gruppo di amici un po\u2019 in l\u00e0 con l\u2019et\u00e0, parlavano del pi\u00f9 e del meno, faci\u00e0vene le pettel\u00e8zze, (facevano i pettegoli) fino a quando uno di loro esord\u00ec dicendo con voce di fallimento:\u201d Gg\u00ecne lu f\u00e8ije me, ten\u00e0ve la Fi\u00e0te [&hellip;]<\/p>\n","protected":false},"author":2,"featured_media":0,"comment_status":"open","ping_status":"open","sticky":false,"template":"","format":"standard","meta":[],"categories":[12],"tags":[],"yoast_head":"<!-- This site is optimized with the Yoast SEO plugin v15.1.1 - https:\/\/yoast.com\/wordpress\/plugins\/seo\/ -->\n<meta name=\"robots\" content=\"index, follow, max-snippet:-1, max-image-preview:large, max-video-preview:-1\" \/>\n<link rel=\"canonical\" href=\"https:\/\/www.stefanomarchetta.it\/wordpress\/ggine-lu-feije-me\/\" \/>\n<meta property=\"og:locale\" content=\"it_IT\" \/>\n<meta property=\"og:type\" content=\"article\" \/>\n<meta property=\"og:title\" content=\"Gg\u00ecne lu f\u00e8ije me. - Stefano Marchetta\" \/>\n<meta property=\"og:description\" content=\"Anni fa in una sera d\u2019estate in piazza, precisamente all\u2019angolo della farmacia Di Croce, un gruppo di amici un po\u2019 in l\u00e0 con l\u2019et\u00e0, parlavano del pi\u00f9 e del meno, faci\u00e0vene le pettel\u00e8zze, (facevano i pettegoli) fino a quando uno di loro esord\u00ec dicendo con voce di fallimento:\u201d Gg\u00ecne lu f\u00e8ije me, ten\u00e0ve la Fi\u00e0te [&hellip;]\" \/>\n<meta property=\"og:url\" content=\"https:\/\/www.stefanomarchetta.it\/wordpress\/ggine-lu-feije-me\/\" \/>\n<meta property=\"og:site_name\" content=\"Stefano Marchetta\" \/>\n<meta property=\"article:publisher\" content=\"https:\/\/www.facebook.com\/\" \/>\n<meta property=\"article:published_time\" content=\"2026-08-29T09:06:19+00:00\" \/>\n<meta property=\"article:modified_time\" content=\"2026-08-29T09:06:21+00:00\" \/>\n<meta name=\"twitter:card\" content=\"summary_large_image\" \/>\n<script type=\"application\/ld+json\" class=\"yoast-schema-graph\">{\"@context\":\"https:\/\/schema.org\",\"@graph\":[{\"@type\":\"WebSite\",\"@id\":\"https:\/\/www.stefanomarchetta.it\/wordpress\/#website\",\"url\":\"https:\/\/www.stefanomarchetta.it\/wordpress\/\",\"name\":\"Stefano Marchetta\",\"description\":\"Il blog di Stemark\",\"potentialAction\":[{\"@type\":\"SearchAction\",\"target\":\"https:\/\/www.stefanomarchetta.it\/wordpress\/?s={search_term_string}\",\"query-input\":\"required name=search_term_string\"}],\"inLanguage\":\"it-IT\"},{\"@type\":\"WebPage\",\"@id\":\"https:\/\/www.stefanomarchetta.it\/wordpress\/ggine-lu-feije-me\/#webpage\",\"url\":\"https:\/\/www.stefanomarchetta.it\/wordpress\/ggine-lu-feije-me\/\",\"name\":\"Gg\\u00ecne lu f\\u00e8ije me. - Stefano Marchetta\",\"isPartOf\":{\"@id\":\"https:\/\/www.stefanomarchetta.it\/wordpress\/#website\"},\"datePublished\":\"2026-08-29T09:06:19+00:00\",\"dateModified\":\"2026-08-29T09:06:21+00:00\",\"author\":{\"@id\":\"https:\/\/www.stefanomarchetta.it\/wordpress\/#\/schema\/person\/e4d3b7282cab60879ccb376001bbdc97\"},\"inLanguage\":\"it-IT\",\"potentialAction\":[{\"@type\":\"ReadAction\",\"target\":[\"https:\/\/www.stefanomarchetta.it\/wordpress\/ggine-lu-feije-me\/\"]}]},{\"@type\":\"Person\",\"@id\":\"https:\/\/www.stefanomarchetta.it\/wordpress\/#\/schema\/person\/e4d3b7282cab60879ccb376001bbdc97\",\"name\":\"Stefano\",\"image\":{\"@type\":\"ImageObject\",\"@id\":\"https:\/\/www.stefanomarchetta.it\/wordpress\/#personlogo\",\"inLanguage\":\"it-IT\",\"url\":\"https:\/\/secure.gravatar.com\/avatar\/5490a700ec1e37deaf0cf490e97e73b3?s=96&d=mm&r=g\",\"caption\":\"Stefano\"},\"sameAs\":[\"http:\/\/www.stefanomarchetta.it\"]}]}<\/script>\n<!-- \/ Yoast SEO plugin. -->","_links":{"self":[{"href":"https:\/\/www.stefanomarchetta.it\/wordpress\/wp-json\/wp\/v2\/posts\/11596"}],"collection":[{"href":"https:\/\/www.stefanomarchetta.it\/wordpress\/wp-json\/wp\/v2\/posts"}],"about":[{"href":"https:\/\/www.stefanomarchetta.it\/wordpress\/wp-json\/wp\/v2\/types\/post"}],"author":[{"embeddable":true,"href":"https:\/\/www.stefanomarchetta.it\/wordpress\/wp-json\/wp\/v2\/users\/2"}],"replies":[{"embeddable":true,"href":"https:\/\/www.stefanomarchetta.it\/wordpress\/wp-json\/wp\/v2\/comments?post=11596"}],"version-history":[{"count":1,"href":"https:\/\/www.stefanomarchetta.it\/wordpress\/wp-json\/wp\/v2\/posts\/11596\/revisions"}],"predecessor-version":[{"id":11597,"href":"https:\/\/www.stefanomarchetta.it\/wordpress\/wp-json\/wp\/v2\/posts\/11596\/revisions\/11597"}],"wp:attachment":[{"href":"https:\/\/www.stefanomarchetta.it\/wordpress\/wp-json\/wp\/v2\/media?parent=11596"}],"wp:term":[{"taxonomy":"category","embeddable":true,"href":"https:\/\/www.stefanomarchetta.it\/wordpress\/wp-json\/wp\/v2\/categories?post=11596"},{"taxonomy":"post_tag","embeddable":true,"href":"https:\/\/www.stefanomarchetta.it\/wordpress\/wp-json\/wp\/v2\/tags?post=11596"}],"curies":[{"name":"wp","href":"https:\/\/api.w.org\/{rel}","templated":true}]}}